{"id":111,"date":"2022-06-21T11:43:39","date_gmt":"2022-06-21T11:43:39","guid":{"rendered":"https:\/\/astronomie-club-ostfriesland.de\/?p=111"},"modified":"2024-10-18T14:56:14","modified_gmt":"2024-10-18T12:56:14","slug":"anwe","status":"publish","type":"post","link":"https:\/\/astronomie-club-ostfriesland.de\/?p=111","title":{"rendered":"ANWE"},"content":{"rendered":"\n<figure class=\"wp-block-image size-full\"><img loading=\"lazy\" decoding=\"async\" width=\"931\" height=\"365\" src=\"https:\/\/astronomie-club-ostfriesland.de\/wp-content\/uploads\/2023\/05\/Logo1.jpg\" alt=\"\" class=\"wp-image-1347\" srcset=\"https:\/\/astronomie-club-ostfriesland.de\/wp-content\/uploads\/2023\/05\/Logo1.jpg 931w, https:\/\/astronomie-club-ostfriesland.de\/wp-content\/uploads\/2023\/05\/Logo1-300x118.jpg 300w, https:\/\/astronomie-club-ostfriesland.de\/wp-content\/uploads\/2023\/05\/Logo1-768x301.jpg 768w, https:\/\/astronomie-club-ostfriesland.de\/wp-content\/uploads\/2023\/05\/Logo1-230x90.jpg 230w, https:\/\/astronomie-club-ostfriesland.de\/wp-content\/uploads\/2023\/05\/Logo1-350x137.jpg 350w, https:\/\/astronomie-club-ostfriesland.de\/wp-content\/uploads\/2023\/05\/Logo1-480x188.jpg 480w\" sizes=\"auto, (max-width: 931px) 100vw, 931px\" \/><\/figure>\n\n\n\n<div class=\"wp-block-group alignfull\"><div class=\"wp-block-group__inner-container is-layout-constrained wp-block-group-is-layout-constrained\">\n<div class=\"wp-block-columns is-layout-flex wp-container-core-columns-is-layout-9d6595d7 wp-block-columns-is-layout-flex\">\n<div class=\"wp-block-column is-layout-flow wp-block-column-is-layout-flow\" style=\"flex-basis:100%\">\n<p class=\"has-text-align-left has-medium-font-size\"><strong>Das Universum f\u00fcr die Region<\/strong><\/p>\n\n\n\n<p class=\"has-text-align-left has-medium-font-size\"><br><\/p>\n<\/div>\n<\/div>\n\n\n\n<p>LEB und Uni Oldenburg erschaffen mobile Sternwarte<br>Im ammerl\u00e4ndischen Haarenstroth entsteht derzeit mit F\u00f6rdergeldern des Bundesministeriums f\u00fcr Bildung und Forschung (BMBF) eine au\u00dfergew\u00f6hliche Sternwarte. Dieses \u201eTiny Observatorium\u201c auf R\u00e4dern soll auf der ostfriesischen Halbinsel im Sommer an verschiedenen Standorten den Nachthimmel f\u00fcr alle B\u00fcrger*innen unmittelbar erfahrbar machen. Mit umfangreichem Veranstaltungsprogramm und wissenschaftlich begleitet, ist das Projekt eine Kooperation der L\u00e4ndlichen Erwachsenenbildung Weser-Ems\/Nord (LEB) mit der Carl von Ossietzky Universit\u00e4t Oldenburg. Au\u00dferdem wird das Astronomie-Netzwerk Weser-Ems das Vorhaben umfangreich begleiten und unterst\u00fctzen.<br>Anl\u00e4sslich des Wissenschaftsjahres 2023 \u2013 \u201eUnser Universum\u201d wird in der LEB-Werkstatt \u201eb-wohnen\u201c in Haarenstroth gerade viel organisiert. Es geht darum, einen Kofferanh\u00e4nger aus Voll-Aluminium von drei Tonnen so herzustellen, dass anschlie\u00dfend eine Kuppel von zwei Meter Durchmesser montiert und der Innenraum gestaltet werden kann. Der Oberbau wird sp\u00e4ter ein hochwertiges astronomisches Teleskop enthalten und mit leistungsf\u00e4higem Kamerasystem, Projektionsm\u00f6glichkeiten und Fernsteuerungskontrolle ausgestattet sein.<br>Der gesamte Aufwand innerhalb eines Projektvolumens von rund 150.000 Euro soll einem bestimmten Zweck dienen: das Universum zu den Menschen zu bringen.<br>\u201eDie Lichtverschmutzung durch k\u00fcnstliche Lichtquellen f\u00fchrt in vielen Gegenden dazu, dass Objekte wie die Milchstra\u00dfe oder Sternbilder nur noch selten oder gar nicht mehr sichtbar sind\u201c, erl\u00e4utert Professor Bj\u00f6rn Poppe. Der Naturwissenschaftler von der Universit\u00e4t Oldenburg (Abteilung f\u00fcr Medizinische Strahlenphysik und Weltraumumgebung) ist verantwortlich f\u00fcr Beobachtungsger\u00e4t und Computertechnologie an Bord des speziellen Tiny House und freut sich, dass in K\u00fcrze an mindestens vier exponierten Standorten im Norden die Astronomie verst\u00e4rkt Einzug halten wird: \u201eDas Observatorium soll erste astronomische Erfahrungen erm\u00f6glichen, Aufnahmen von Objekten durchf\u00fchren und interessierte B\u00fcrgerinnen und B\u00fcrger an Forschungsfragen beteiligen.\u201c Um den wissenschaftlichen Zugang zu erleichtern, werden von der LEB mit Unterst\u00fctzung der Universit\u00e4t parallel f\u00fcr verschiedene Zielgruppen gerade Begleitprogramme konzipiert, welche noch im Sommer zum Einsatz kommen sollen: \u201eDie erlebnisorientierten Angebote mit analogen sowie digitalen F\u00fchrungen und Workshops sollen Klein und Gro\u00df neugierig auf Wissen machen\u201c, erl\u00e4utert LEB-Regionalleiterin Dr. Natalie Geerlings.<\/p>\n\n\n\n<div class=\"wp-block-group alignfull\"><div class=\"wp-block-group__inner-container is-layout-constrained wp-block-group-is-layout-constrained\">\n<p>F\u00fcr vier Wochen wird die \u00fcber eine Photovoltaik-Anlage betriebene Sternwarte an den ausgesuchten Destinationen jeweils Halt machen, um m\u00f6glichst vielen Menschen die Erkundung des Universums zu erm\u00f6glichen. Bei weiterf\u00fchrenden Veranstaltungen werden auch gezielt Messdaten erhoben, um diese weiterzuverwerten und online zu stellen, sodass Interessierte sich unmittelbar an der wissenschaftlichen Forschung beteiligen k\u00f6nnen. Das Astronomie-Netzwerk Weser-Ems, eine Vereinigung von Freizeit- und Amateur-Astronomen, wird vor Ort neben sogenannten Dark Sky-Guides unterst\u00fctzend auch F\u00fchrungen \u00fcbernehmen und die Verwendung des Teleskopes begleiten. Ihr Sprecher Andreas Schwarz sieht gespannt den Reaktionen entgegen. Er wei\u00df genau, wie faszinierend der Blick durch das Okular sein kann. Ob bei der \u201eBahnbestimmung von Kleinplaneten oder sogar zur Nachbeobachtung von Supernova-Explosionen\u201c.<br><\/p>\n<\/div><\/div>\n<\/div><\/div>\n\n\n\n<figure class=\"wp-block-image size-full\"><img loading=\"lazy\" decoding=\"async\" width=\"447\" height=\"237\" src=\"https:\/\/astronomie-club-ostfriesland.de\/wp-content\/uploads\/2023\/05\/Logo2.jpg\" alt=\"\" class=\"wp-image-1349\" srcset=\"https:\/\/astronomie-club-ostfriesland.de\/wp-content\/uploads\/2023\/05\/Logo2.jpg 447w, https:\/\/astronomie-club-ostfriesland.de\/wp-content\/uploads\/2023\/05\/Logo2-300x159.jpg 300w, https:\/\/astronomie-club-ostfriesland.de\/wp-content\/uploads\/2023\/05\/Logo2-230x122.jpg 230w, https:\/\/astronomie-club-ostfriesland.de\/wp-content\/uploads\/2023\/05\/Logo2-350x186.jpg 350w\" sizes=\"auto, (max-width: 447px) 100vw, 447px\" \/><\/figure>\n\n\n\n<figure class=\"wp-block-image size-full\"><img loading=\"lazy\" decoding=\"async\" width=\"256\" height=\"125\" src=\"https:\/\/astronomie-club-ostfriesland.de\/wp-content\/uploads\/2023\/05\/Logo3.jpg\" alt=\"\" class=\"wp-image-1350\" srcset=\"https:\/\/astronomie-club-ostfriesland.de\/wp-content\/uploads\/2023\/05\/Logo3.jpg 256w, https:\/\/astronomie-club-ostfriesland.de\/wp-content\/uploads\/2023\/05\/Logo3-230x112.jpg 230w\" sizes=\"auto, (max-width: 256px) 100vw, 256px\" \/><\/figure>\n\n\n\n<p class=\"has-medium-font-size\"><br>Die unendliche Weite des Universums und die Frage nach dem Ursprung der Erde und des Menschen haben \u00fcber die Jahrtausende hinweg unsere Kultur, unser Selbstbild und die Wissenschaft besch\u00e4ftigt. Trotz des Erkenntnisfortschritts der letzten Jahrzehnte bleibt unser Kosmos aber in weiten Teilen eine faszinierende Unbekannte. Was sind Schwarze L\u00f6cher? Sind wir allein im Universum? Was macht unsere Erde zu einem bewohnbaren Planeten und wie k\u00f6nnen wir ihn sch\u00fctzen? Diesen und anderen Fragen widmet sich das Wissenschaftsjahr 2023 \u2013 Unser Universum. Von Ausstellungen \u00fcber Schulaktionen bis hin zu Mitmachangeboten: Der Blick von der Erde ins All und aus dem All auf die Erde erfolgt dabei aus vielf\u00e4ltigen Perspektiven und l\u00e4dt Jung und Alt zu einem spannenden Austausch mit Wissenschaft und Forschung ein.<br>Die Wissenschaftsjahre sind eine Initiative des Bundesministeriums f\u00fcr Bildung und Forschung (BMBF) gemeinsam mit Wissenschaft im Dialog (WiD).<\/p>\n\n\n\n<figure class=\"wp-block-image size-large\"><img loading=\"lazy\" decoding=\"async\" width=\"1024\" height=\"658\" src=\"https:\/\/astronomie-club-ostfriesland.de\/wp-content\/uploads\/2023\/05\/Logo4-1024x658.jpg\" alt=\"\" class=\"wp-image-1351\" srcset=\"https:\/\/astronomie-club-ostfriesland.de\/wp-content\/uploads\/2023\/05\/Logo4-1024x658.jpg 1024w, https:\/\/astronomie-club-ostfriesland.de\/wp-content\/uploads\/2023\/05\/Logo4-300x193.jpg 300w, https:\/\/astronomie-club-ostfriesland.de\/wp-content\/uploads\/2023\/05\/Logo4-768x494.jpg 768w, https:\/\/astronomie-club-ostfriesland.de\/wp-content\/uploads\/2023\/05\/Logo4-1000x643.jpg 1000w, https:\/\/astronomie-club-ostfriesland.de\/wp-content\/uploads\/2023\/05\/Logo4-230x148.jpg 230w, https:\/\/astronomie-club-ostfriesland.de\/wp-content\/uploads\/2023\/05\/Logo4-350x225.jpg 350w, https:\/\/astronomie-club-ostfriesland.de\/wp-content\/uploads\/2023\/05\/Logo4-480x308.jpg 480w, https:\/\/astronomie-club-ostfriesland.de\/wp-content\/uploads\/2023\/05\/Logo4.jpg 1206w\" sizes=\"auto, (max-width: 1024px) 100vw, 1024px\" \/><\/figure>\n\n\n\n<div style=\"height:100px\" aria-hidden=\"true\" class=\"wp-block-spacer\"><\/div>\n\n\n\n<p class=\"has-vivid-cyan-blue-color has-white-background-color has-text-color has-background\" style=\"font-size:22px\">Der Internetauftritt des ANWE ist online: <a rel=\"noreferrer noopener\" href=\"https:\/\/anwe.space\/\" data-type=\"URL\" data-id=\"https:\/\/anwe.space\/\" target=\"_blank\">https:\/\/anwe.space\/<\/a><\/p>\n\n\n\n<hr class=\"wp-block-separator has-text-color has-vivid-cyan-blue-color has-alpha-channel-opacity has-vivid-cyan-blue-background-color has-background is-style-wide\"\/>\n\n\n\n<p class=\"has-vivid-cyan-blue-color has-white-background-color has-text-color has-background\" style=\"font-size:22px\">Pressemitteilungen<\/p>\n\n\n\n<hr class=\"wp-block-separator has-text-color has-vivid-cyan-blue-color has-alpha-channel-opacity has-vivid-cyan-blue-background-color has-background is-style-wide\"\/>\n\n\n\n<p>November 2022 231\/22<br>Faszination Astronomie: Zehn Partner gr\u00fcnden Netzwerk von Papenburg bis Bremerhaven<br>Hochschulen und Astronomische Vereinigungen der Region verbinden k\u00fcnftig Wissenschaft und Bildungsarbeit<\/p>\n\n\n\n<p>Oldenburg. Sie steht f\u00fcr aufw\u00e4ndige Forschung und ist zugleich f\u00fcr viele Menschen ein faszinierendes Hobby: die Astronomie. Um astronomische Wissenschaft mit regionaler astronomischer Bildungsarbeit zu verbinden und k\u00fcnftig bei umfassenden Beobachtungen deutlich effektiver zusammenzuarbeiten, haben heute an der Universit\u00e4t Oldenburg zehn Partner aus der Region das Astronomie-Netzwerk Weser-Ems (ANWE) gegr\u00fcndet. Diesem geh\u00f6ren neben der Universit\u00e4t auch die Hochschule Emden-Leer und die Jade Hochschule Wilhelmshaven-Oldenburg-Elsfleth sowie insgesamt sieben Astronomische Vereinigungen von Papenburg bis Bremerhaven an.<\/p>\n\n\n\n<p>Die Bremerhavener Sternfreunde, die Astronomische Vereinigung Oldenburger Sternfreunde, der Astronomie Club Ostfriesland, der Astronomische Verein der Volkssternwarte Papenburg, die Papenburger Sternwarte, der Astronomische Verein Wilhelmshaven-Friesland (AVWF) und die auf eine studentische Initiative zur\u00fcckgehende Astronomie-AG an der Universit\u00e4t Oldenburg wollen gemeinsam mit den drei beteiligten Hochschulen die Astronomie und Astrophysik in Theorie und Praxis pflegen, f\u00f6rdern und weiterentwickeln. Geplant sind etwa gemeinsame astronomische Beobachtungen, das Entwickeln eigener astronomischer Technik, Vortr\u00e4ge und \u00f6ffentliche Veranstaltungen.<\/p>\n\n\n\n<p>\u201eDie Kooperation von Amateur- und wissenschaftlicher Fachastronomie leistet einen wertvollen Beitrag zur Forschung\u201c, sagte die Vizepr\u00e4sidentin f\u00fcr Forschung und Transfer der Universit\u00e4t, Prof. Dr. Christiane Thiel, beim Er\u00f6ffnen des Gr\u00fcndungssymposiums auf dem Campus Wechloy. Sie betonte die Interdisziplinarit\u00e4t der Astronomie, die Mathematik, Physik, Chemie, Geowissenschaften und Biologie umfasse. \u201eDie oft aufw\u00e4ndigen Beobachtungen lassen sich nur gemeinsam in voller Breite durchf\u00fchren\u201c, erg\u00e4nzte Prof. Dr. Bj\u00f6rn Poppe, Hochschullehrer f\u00fcr Medizinische Physik und Leiter der Abteilung f\u00fcr Medizinische Strahlenphysik und Weltraumumgebung. Somit sei es nur folgerichtig und auch wichtig, Forschungsergebnisse und Wissen aus allen Gebieten der Astronomie in die Gesellschaft zu tragen.<\/p>\n\n\n\n<p>Der AVWF-Vorsitzende Andreas Schwarz betonte als einer der Initiatoren des Netzwerks, im Verbund k\u00f6nnten nun alle teilnehmenden Institutionen und Vereinigungen ihre Arbeitsschwerpunkte, F\u00e4higkeiten, Kenntnisse und St\u00e4rken einbringen, sich gegenseitig unterst\u00fctzen und dabei zugleich dem Gemeinwohl dienen. F\u00fcr ihn pers\u00f6nlich sei die Astronomie \u201eein faszinierendes Abenteuer, welches ein Leben lang anh\u00e4lt \u2013 mit einem fast unendlichen Pool an noch unerforschten Dingen\u201c. Die ANWE-Gr\u00fcndung geht auf eine gemeinsame Initiative des AVWF, des Astronomie Clubs Ostfriesland und der Astronomischen Vereinigung Oldenburger Sternfreunde zur\u00fcck.<\/p>\n\n\n\n<p>Die zehn Gr\u00fcndungsmitglieder des Netzwerks w\u00e4hlten den Astrophysiker Andreas Schwarz zun\u00e4chst f\u00fcr die Dauer eines Jahres zum ersten ANWE-Koordinator und Strahlenphysiker Bj\u00f6rn Poppe zu seinem Stellvertreter. In den Kooperationsrat entsendet jeder der zehn Partner eine Person.<\/p>\n\n\n\n<figure class=\"wp-block-image size-large\"><img loading=\"lazy\" decoding=\"async\" width=\"1024\" height=\"594\" src=\"https:\/\/astronomie-club-ostfriesland.de\/wp-content\/uploads\/2022\/11\/ANWE-Gruendung-Schmidt-Daniel-scaled-1-1024x594.jpg\" alt=\"\" class=\"wp-image-997\" srcset=\"https:\/\/astronomie-club-ostfriesland.de\/wp-content\/uploads\/2022\/11\/ANWE-Gruendung-Schmidt-Daniel-scaled-1-1024x594.jpg 1024w, https:\/\/astronomie-club-ostfriesland.de\/wp-content\/uploads\/2022\/11\/ANWE-Gruendung-Schmidt-Daniel-scaled-1-300x174.jpg 300w, https:\/\/astronomie-club-ostfriesland.de\/wp-content\/uploads\/2022\/11\/ANWE-Gruendung-Schmidt-Daniel-scaled-1-768x446.jpg 768w, https:\/\/astronomie-club-ostfriesland.de\/wp-content\/uploads\/2022\/11\/ANWE-Gruendung-Schmidt-Daniel-scaled-1-1536x891.jpg 1536w, https:\/\/astronomie-club-ostfriesland.de\/wp-content\/uploads\/2022\/11\/ANWE-Gruendung-Schmidt-Daniel-scaled-1-2048x1188.jpg 2048w, https:\/\/astronomie-club-ostfriesland.de\/wp-content\/uploads\/2022\/11\/ANWE-Gruendung-Schmidt-Daniel-scaled-1-1000x580.jpg 1000w, https:\/\/astronomie-club-ostfriesland.de\/wp-content\/uploads\/2022\/11\/ANWE-Gruendung-Schmidt-Daniel-scaled-1-230x133.jpg 230w, https:\/\/astronomie-club-ostfriesland.de\/wp-content\/uploads\/2022\/11\/ANWE-Gruendung-Schmidt-Daniel-scaled-1-350x203.jpg 350w, https:\/\/astronomie-club-ostfriesland.de\/wp-content\/uploads\/2022\/11\/ANWE-Gruendung-Schmidt-Daniel-scaled-1-480x278.jpg 480w\" sizes=\"auto, (max-width: 1024px) 100vw, 1024px\" \/><\/figure>\n\n\n\n<p>Quelle: <a rel=\"noreferrer noopener\" href=\"https:\/\/www.presse.uni-oldenburg.de\/mit\/2022\/231.html\" target=\"_blank\">https:\/\/www.presse.uni-oldenburg.de\/mit\/2022\/231.html<\/a><\/p>\n\n\n\n<hr class=\"wp-block-separator has-text-color has-vivid-cyan-blue-color has-alpha-channel-opacity has-vivid-cyan-blue-background-color has-background is-style-wide\"\/>\n\n\n\n<div style=\"height:100px\" aria-hidden=\"true\" class=\"wp-block-spacer\"><\/div>\n\n\n\n<p class=\"has-vivid-cyan-blue-color has-white-background-color has-text-color has-background\">Regionales \u201eAstronomie Netzwerk Weser-Ems\u201c gegr\u00fcndet<\/p>\n\n\n\n<hr class=\"wp-block-separator has-text-color has-vivid-cyan-blue-color has-alpha-channel-opacity has-vivid-cyan-blue-background-color has-background is-style-wide\"\/>\n\n\n\n<p class=\"has-white-background-color has-background\">Erstmalig kamen am 07.05.2022 in Wilhelmshaven die Oldenburger Sternfreunde, der Astronomische Verein Wilhelmshaven-Friesland und der Astronomie Club Ostfriesland zu einem regionalen Astronomie-Treffen zusammen. Jede dieser Vereinigungen hat im Rahmen der Astronomie erfolgreich ihre Schwerpunkte gesetzt, so dass ein regelm\u00e4\u00dfiger Austausch und eine Zusammenarbeit bei der Entwicklung, F\u00f6rderung und Pflege der Astronomie sehr sinnvoll und<br>zweckm\u00e4\u00dfig sind.<br><br><br>Aus diesem Grunde wurde auf diesem Treffen die Gr\u00fcndung des regionalen \u201eAstronomie Netzwerkes Weser-Ems\u201c (\u201eANWE\u201c) beschlossen. Dieses Netzwerk dient der Entwicklung, F\u00f6rderung und Pflege der Astronomie in Theorie und Praxis sowie der damit verbundenen Wissenschaften durch astronomische Beobachtungen, Forschungen, Lehrveranstaltungen, Vortr\u00e4ge, Studien, Anwendung und Entwicklung von astronomischer Technik und andere Ma\u00dfnahmen. Es soll hierbei dem Erfahrungs- und Wissensaustausch auf allen Gebieten der Astronomie und den gemeinsamen Interessen alle Beteiligten und dem Gemeinwohl dienen.<br><br><br>Zu diesem Zwecke soll es in regelm\u00e4\u00dfigen Abst\u00e4nden regionale Astronomie-Treffen an den jeweiligen Standorten der am Netzwerk beteiligten Vereinigungen geben. Des Weiteren ist das Netzwerk offen f\u00fcr die Beteiligung von weiteren Institutionen und auch von Einzelpersonen auf dem Gebiet der Astronomie und der damit assoziierten Wissenschaften. In einem ersten Schritt soll eine gemeinsame Informationsplattform f\u00fcr die interessierte \u00d6ffentlichkeit eingerichtet werden. Auf dieser wird \u00fcber alle Aktivit\u00e4ten auf dem Gebiet der Astronomie im Raum Weser-Ems informiert.<br>Des Weiteren kann mit dieser auch Kontakt mit uns aufgenommen werden, welcher dann entsprechend an die geeignete  Ansprechpartnerin oder den geeigneten Ansprechpartner<br>weitergeleitet wird. Schritt f\u00fcr Schritt wir das Astronomie Netzwerk Weser-Ems von uns nun aufgebaut und fest in unserer Region etabliert werden.<br><br><br>Jakob Riemer, Koordinator der Oldenburger Sternfreunde<br>Andreas Schwarz, Vorsitzender des Astronomischen Vereins Wilhelmshaven-Friesland<br>Arthur Weber, Vorsitzender des Astronomie Clubs Ostfriesland<br><\/p>\n\n\n\n<figure class=\"wp-block-image size-large\"><img loading=\"lazy\" decoding=\"async\" width=\"1024\" height=\"768\" src=\"https:\/\/astronomie-club-ostfriesland.de\/wp-content\/uploads\/2022\/06\/Bild-Vorsitzende-OLSF-AVWF-ACO-1024x768.jpg\" alt=\"\" class=\"wp-image-116\" srcset=\"https:\/\/astronomie-club-ostfriesland.de\/wp-content\/uploads\/2022\/06\/Bild-Vorsitzende-OLSF-AVWF-ACO-1024x768.jpg 1024w, https:\/\/astronomie-club-ostfriesland.de\/wp-content\/uploads\/2022\/06\/Bild-Vorsitzende-OLSF-AVWF-ACO-300x225.jpg 300w, https:\/\/astronomie-club-ostfriesland.de\/wp-content\/uploads\/2022\/06\/Bild-Vorsitzende-OLSF-AVWF-ACO-768x576.jpg 768w, https:\/\/astronomie-club-ostfriesland.de\/wp-content\/uploads\/2022\/06\/Bild-Vorsitzende-OLSF-AVWF-ACO-1536x1152.jpg 1536w, https:\/\/astronomie-club-ostfriesland.de\/wp-content\/uploads\/2022\/06\/Bild-Vorsitzende-OLSF-AVWF-ACO-1568x1176.jpg 1568w, https:\/\/astronomie-club-ostfriesland.de\/wp-content\/uploads\/2022\/06\/Bild-Vorsitzende-OLSF-AVWF-ACO.jpg 2016w\" sizes=\"auto, (max-width: 1024px) 100vw, 1024px\" \/><figcaption class=\"wp-element-caption\">Das Bild (Aufgenommen von Sven Wischmann) zeigt von links nach rechts: Jakob Riemer, Andreas Schwarz und Arthur Weber<\/figcaption><\/figure>\n","protected":false},"excerpt":{"rendered":"<p>Das Universum f\u00fcr die Region LEB und Uni Oldenburg erschaffen mobile SternwarteIm ammerl\u00e4ndischen Haarenstroth entsteht derzeit mit F\u00f6rdergeldern des Bundesministeriums f\u00fcr Bildung [&hellip;]<\/p>\n","protected":false},"author":1,"featured_media":0,"comment_status":"closed","ping_status":"closed","sticky":false,"template":"","format":"standard","meta":{"_jetpack_memberships_contains_paid_content":false,"footnotes":""},"categories":[1],"tags":[20],"class_list":["post-111","post","type-post","status-publish","format-standard","hentry","category-allgemein","tag-zu-seite-umstellen"],"jetpack_featured_media_url":"","jetpack_sharing_enabled":true,"_links":{"self":[{"href":"https:\/\/astronomie-club-ostfriesland.de\/index.php?rest_route=\/wp\/v2\/posts\/111","targetHints":{"allow":["GET"]}}],"collection":[{"href":"https:\/\/astronomie-club-ostfriesland.de\/index.php?rest_route=\/wp\/v2\/posts"}],"about":[{"href":"https:\/\/astronomie-club-ostfriesland.de\/index.php?rest_route=\/wp\/v2\/types\/post"}],"author":[{"embeddable":true,"href":"https:\/\/astronomie-club-ostfriesland.de\/index.php?rest_route=\/wp\/v2\/users\/1"}],"replies":[{"embeddable":true,"href":"https:\/\/astronomie-club-ostfriesland.de\/index.php?rest_route=%2Fwp%2Fv2%2Fcomments&post=111"}],"version-history":[{"count":25,"href":"https:\/\/astronomie-club-ostfriesland.de\/index.php?rest_route=\/wp\/v2\/posts\/111\/revisions"}],"predecessor-version":[{"id":1364,"href":"https:\/\/astronomie-club-ostfriesland.de\/index.php?rest_route=\/wp\/v2\/posts\/111\/revisions\/1364"}],"wp:attachment":[{"href":"https:\/\/astronomie-club-ostfriesland.de\/index.php?rest_route=%2Fwp%2Fv2%2Fmedia&parent=111"}],"wp:term":[{"taxonomy":"category","embeddable":true,"href":"https:\/\/astronomie-club-ostfriesland.de\/index.php?rest_route=%2Fwp%2Fv2%2Fcategories&post=111"},{"taxonomy":"post_tag","embeddable":true,"href":"https:\/\/astronomie-club-ostfriesland.de\/index.php?rest_route=%2Fwp%2Fv2%2Ftags&post=111"}],"curies":[{"name":"wp","href":"https:\/\/api.w.org\/{rel}","templated":true}]}}