{"id":1858,"date":"2024-01-24T00:44:06","date_gmt":"2024-01-23T22:44:06","guid":{"rendered":"https:\/\/astronomie-club-ostfriesland.de\/?p=1858"},"modified":"2024-01-24T00:44:06","modified_gmt":"2024-01-23T22:44:06","slug":"zabel-manfred","status":"publish","type":"post","link":"https:\/\/astronomie-club-ostfriesland.de\/?p=1858","title":{"rendered":"Zabel, Manfred"},"content":{"rendered":"\n<p>Esens<br>Jahrgang 1965<\/p>\n\n\n\n<div class=\"wp-block-group is-nowrap is-layout-flex wp-container-core-group-is-layout-ad2f72ca wp-block-group-is-layout-flex\">\n<div class=\"wp-block-buttons is-layout-flex wp-block-buttons-is-layout-flex\">\n<div class=\"wp-block-button is-style-fill\"><a class=\"wp-block-button__link has-background wp-element-button\" style=\"border-radius:100px;background-color:#d65050\">Astrofotos<\/a><\/div>\n<\/div>\n\n\n\n<ul class=\"wp-block-social-links has-large-icon-size has-icon-color has-icon-background-color is-style-default is-layout-flex wp-block-social-links-is-layout-flex\">\n\n\n\n\n\n\n\n\n\n\n\n\n\n\n\n<\/ul>\n<\/div>\n\n\n\n<hr class=\"wp-block-separator has-alpha-channel-opacity\"\/>\n\n\n\n<p>Seit meiner Jugend (ca. 15 Jahre) interessiere ich mich f\u00fcr Astronomie, nachdem ich ein Buch \u00fcber unsere Sonne gelesen habe. Angefangen habe ich mit einem Tasco-Refraktor 50\/600 mm. Mit ca. 17-18 Jahren konnte ich gebraucht eine Spiegelreflexkamera mit 50 mm und 135 mm Objektiv g\u00fcnstig erwerben und fing an den Nachthimmel zu fotografieren. Die Kamera wurde mit einer selbstgebauten Barndoor (Schottische Montierung bzw. Klappbrett-Montierung) nachgef\u00fchrt. (Zu Analogzeiten waren die Toleranzen bei der Nachf\u00fchrung noch viel gr\u00f6\u00dfer). Heute reizt mich der Selbstbau von einfachen Nachf\u00fchrungen zur Himmelsfotografie immer noch. Alle Materialien m\u00fcssen aber einfach zu beschaffen sein (z. B. Baumarkt etc.) und m\u00fcssen sich mit einfachen Standard-Werkzeugen bearbeiten lassen wie z. B. Stichs\u00e4ge, Bohrmaschine, keine teuren Drehb\u00e4nke, Zerspanungsger\u00e4te etc..<\/p>\n\n\n\n<h3 class=\"wp-block-heading\">Ausr\u00fcstung:<\/h3>\n\n\n\n<ul class=\"wp-block-list\">\n<li>EQ6 (alte schwarze) mit sp\u00e4teren SynScan-Upgrade.<\/li>\n\n\n\n<li>NEQ5 mit Standard-Schrittmotorsteuerung mit Autoguideranschlu\u00df<\/li>\n\n\n\n<li>GSO 8\u201c F4 Newton und fototauglichem Okularauszug<\/li>\n\n\n\n<li>Skywatcher Explorer-130PDS \u2013 130 mm f\/5 Newton \u2013 2\u2033 Crayford Auszug<\/li>\n\n\n\n<li>Skywatcher 100\/500 mm FH Refraktor<\/li>\n\n\n\n<li>Skywatcher 800\/400 mm FH Refraktor<br><\/li>\n\n\n\n<li>Canon EOS 350da (nur Body)<\/li>\n\n\n\n<li>Canon EOS 1100d (nur Body)<\/li>\n\n\n\n<li>Canon EOS 1200d (nur Body)<\/li>\n\n\n\n<li>Canon EOS 1000da (nur Body)<br><\/li>\n\n\n\n<li>Soligor 200mm F 3,5 Tele<\/li>\n\n\n\n<li>Samyang 85mm 1.4<\/li>\n\n\n\n<li>Canon 50 mm Normalobjektiv<br><\/li>\n\n\n\n<li>Asi 120 MC<\/li>\n\n\n\n<li>ASI 174 MM \/ mit 1,25\u2033 H-Alpha Pass Filter \u2013 35nm<br><\/li>\n\n\n\n<li>Fr\u00fcher nicht mehr genutzte Kameras:<br>Canon EOS 300d mit 55 mm Objektiv<br>Wat120n<\/li>\n<\/ul>\n","protected":false},"excerpt":{"rendered":"<p>EsensJahrgang 1965 Seit meiner Jugend (ca. 15 Jahre) interessiere ich mich f\u00fcr Astronomie, nachdem ich ein Buch \u00fcber unsere Sonne gelesen habe. [&hellip;]<\/p>\n","protected":false},"author":7,"featured_media":216,"comment_status":"closed","ping_status":"closed","sticky":false,"template":"","format":"standard","meta":{"_jetpack_memberships_contains_paid_content":false,"footnotes":""},"categories":[16],"tags":[],"class_list":["post-1858","post","type-post","status-publish","format-standard","has-post-thumbnail","hentry","category-mitglied"],"jetpack_featured_media_url":"https:\/\/astronomie-club-ostfriesland.de\/wp-content\/uploads\/2022\/06\/IMG_2693BAkl.jpg","jetpack_sharing_enabled":true,"_links":{"self":[{"href":"https:\/\/astronomie-club-ostfriesland.de\/index.php?rest_route=\/wp\/v2\/posts\/1858","targetHints":{"allow":["GET"]}}],"collection":[{"href":"https:\/\/astronomie-club-ostfriesland.de\/index.php?rest_route=\/wp\/v2\/posts"}],"about":[{"href":"https:\/\/astronomie-club-ostfriesland.de\/index.php?rest_route=\/wp\/v2\/types\/post"}],"author":[{"embeddable":true,"href":"https:\/\/astronomie-club-ostfriesland.de\/index.php?rest_route=\/wp\/v2\/users\/7"}],"replies":[{"embeddable":true,"href":"https:\/\/astronomie-club-ostfriesland.de\/index.php?rest_route=%2Fwp%2Fv2%2Fcomments&post=1858"}],"version-history":[{"count":1,"href":"https:\/\/astronomie-club-ostfriesland.de\/index.php?rest_route=\/wp\/v2\/posts\/1858\/revisions"}],"predecessor-version":[{"id":1859,"href":"https:\/\/astronomie-club-ostfriesland.de\/index.php?rest_route=\/wp\/v2\/posts\/1858\/revisions\/1859"}],"wp:featuredmedia":[{"embeddable":true,"href":"https:\/\/astronomie-club-ostfriesland.de\/index.php?rest_route=\/wp\/v2\/media\/216"}],"wp:attachment":[{"href":"https:\/\/astronomie-club-ostfriesland.de\/index.php?rest_route=%2Fwp%2Fv2%2Fmedia&parent=1858"}],"wp:term":[{"taxonomy":"category","embeddable":true,"href":"https:\/\/astronomie-club-ostfriesland.de\/index.php?rest_route=%2Fwp%2Fv2%2Fcategories&post=1858"},{"taxonomy":"post_tag","embeddable":true,"href":"https:\/\/astronomie-club-ostfriesland.de\/index.php?rest_route=%2Fwp%2Fv2%2Ftags&post=1858"}],"curies":[{"name":"wp","href":"https:\/\/api.w.org\/{rel}","templated":true}]}}