{"id":2415,"date":"2026-03-16T15:09:43","date_gmt":"2026-03-16T13:09:43","guid":{"rendered":"https:\/\/astronomie-club-ostfriesland.de\/?p=2415"},"modified":"2026-03-16T15:09:43","modified_gmt":"2026-03-16T13:09:43","slug":"tag-der-astronomie-am-28-3-2026","status":"publish","type":"post","link":"https:\/\/astronomie-club-ostfriesland.de\/?p=2415","title":{"rendered":"Tag der Astronomie am 28.3.2026"},"content":{"rendered":"\n<p>Zum Tag der Astronomie und Raumfahrt laden wir gemeinsam mit dem Astronomischen Verein Wilhelmshaven\u2013Friesland e.V. zu einem spannenden Tag rund um Astronomie, Raumfahrt und Weltraumforschung ein. Die Veranstaltung bringt Wissenschaft, Vereine und Interessierte aus der Region zusammen und zeigt, welche Bedeutung Astronomie und Raumfahrt f\u00fcr Gesellschaft und Forschung haben.<\/p>\n\n\n\n<p>Ob Einsteiger oder erfahrene Sternengucker \u2013 wir freuen uns auf alle, die mit uns das Universum erkunden m\u00f6chten!<\/p>\n\n\n\n<h2 class=\"wp-block-heading has-large-font-size\">Programm<\/h2>\n\n\n\n<h2 class=\"wp-block-heading has-medium-font-size\">13:30\u201314:00 Uhr: Einlass &amp; Ansprachen<\/h2>\n\n\n\n<p>Begr\u00fc\u00dfung und kurze Einf\u00fchrung zur Veranstaltung.<\/p>\n\n\n\n<hr class=\"wp-block-separator has-alpha-channel-opacity\"\/>\n\n\n\n<h2 class=\"wp-block-heading has-medium-font-size\">14:00\u201315:00 Uhr Vortrag I<\/h2>\n\n\n\n<p><strong>\u201eVon Sternenstaub zu Marsmikroben: Was untersucht die Astrobiologie?\u201c<\/strong><br>\nVortrag von <strong>Dr. Jacob Heinz<\/strong>, Astrobiologe (Universit\u00e4t Bremen)<\/p>\n\n\n\n<p>Wie entsteht Leben im Universum \u2013 und k\u00f6nnte es auch au\u00dferhalb der Erde existieren? Die Astrobiologie verbindet Astronomie, Chemie, Geologie und Biologie, um genau diese Fragen zu erforschen. Der Vortrag gibt Einblicke in die Entstehung von Sternen und Planetensystemen, die chemischen Voraussetzungen f\u00fcr Leben und die Frage, warum sich der Mars so anders entwickelte als die Erde.<\/p>\n\n\n\n<hr class=\"wp-block-separator has-alpha-channel-opacity\"\/>\n\n\n\n<h2 class=\"wp-block-heading has-medium-font-size\">15:00\u201316:00 Uhr Austausch &amp; Networking<\/h2>\n\n\n\n<p>Zeit f\u00fcr Gespr\u00e4che, Fragen und Austausch mit Wissenschaftlerinnen, Wissenschaftlern und den beteiligten Vereinen und Institutionen.<\/p>\n\n\n\n<hr class=\"wp-block-separator has-alpha-channel-opacity\"\/>\n\n\n\n<h2 class=\"wp-block-heading has-medium-font-size\">16:00\u201317:00 Uhr Vortrag II<\/h2>\n\n\n\n<p><strong>\u201eSind wir allein? UFOs, Politik und die Frage nach dem Anderen\u201c<\/strong><br>\nVortrag von <strong>Dr. Christian Peters<\/strong>, Sozialwissenschaftler (Universit\u00e4t Bremen)<\/p>\n\n\n\n<p>Warum faszinieren UFOs Menschen weltweit? Der Vortrag beleuchtet die gesellschaftliche und politische Dimension sogenannter \u201eUnidentified Anomalous Phenomena\u201c (UAP) \u2013 von historischen UFO-Debatten bis zu aktuellen Diskussionen. Dabei geht es auch um grundlegende Fragen: Wie w\u00fcrde die Menschheit reagieren, wenn au\u00dferirdische Intelligenz nachgewiesen w\u00fcrde? Und was sagt unsere Faszination f\u00fcr das Unbekannte \u00fcber uns selbst aus?<\/p>\n\n\n\n<hr class=\"wp-block-separator has-alpha-channel-opacity\"\/>\n\n\n\n<h2 class=\"wp-block-heading has-medium-font-size\">17:00\u201318:00 Uhr Austausch &amp; Diskussion<\/h2>\n\n\n\n<p>Weitere Gelegenheit zum Kennenlernen, Diskutieren und zum Anschauen von Bildern, Exponaten, Teleskopen und astronomischen Ger\u00e4ten.<\/p>\n\n\n\n<hr class=\"wp-block-separator has-alpha-channel-opacity\"\/>\n\n\n\n<h2 class=\"wp-block-heading has-medium-font-size\">19:00 Uhr \u00d6ffentliche Himmelsbeobachtung<\/h2>\n\n\n\n<p>Am Abend \u00f6ffnet das <strong>Tiny Observatorium<\/strong> am Banter See seine Teleskope f\u00fcr \u00f6ffentliche Beobachtungen. Bei geeignetem Wetter k\u00f6nnen Mond, Planeten, Nebel und Galaxien beobachtet werden. Bei schlechtem Wetter ist das Observatorium mindestens bis 20:00 Uhr zu besichtigen.<\/p>\n\n\n\n<h2 class=\"wp-block-heading has-medium-font-size\">Veranstaltungsorte<\/h2>\n\n\n\n<p><strong>Jade Hochschule<\/strong><br>\nFriedrich-Paffrath-Stra\u00dfe 101<br>\n26389 Wilhelmshaven<\/p>\n\n\n\n<p><strong>Ab 19:00 Uhr:<\/strong><br>\nTiny Observatorium am Banter See<br>\n(in der N\u00e4he der Flussseeschwalbenkolonie)<\/p>\n\n\n\n<p><strong>Eintritt frei!<\/strong><br>\nEine Anmeldung ist zur besseren Planung willkommen, aber nicht zwingend erforderlich.<\/p>\n\n\n\n<p>Weitere Infos:<\/p>\n\n\n\n<p><a href=\"https:\/\/www.astronomie-whv-fri.de\/\">https:\/\/www.astronomie-whv-fri.de\/<\/a><br><a href=\"https:\/\/astronomietag.de\/\">https:\/\/astronomietag.de\/<\/a><\/p>\n","protected":false},"excerpt":{"rendered":"<p>Zum Tag der Astronomie und Raumfahrt laden wir gemeinsam mit dem Astronomischen Verein Wilhelmshaven\u2013Friesland e.V. zu einem spannenden Tag rund um Astronomie, [&hellip;]<\/p>\n","protected":false},"author":8,"featured_media":0,"comment_status":"closed","ping_status":"closed","sticky":false,"template":"","format":"standard","meta":{"_jetpack_memberships_contains_paid_content":false,"footnotes":""},"categories":[1],"tags":[],"class_list":["post-2415","post","type-post","status-publish","format-standard","hentry","category-allgemein"],"jetpack_featured_media_url":"","jetpack_sharing_enabled":true,"_links":{"self":[{"href":"https:\/\/astronomie-club-ostfriesland.de\/index.php?rest_route=\/wp\/v2\/posts\/2415","targetHints":{"allow":["GET"]}}],"collection":[{"href":"https:\/\/astronomie-club-ostfriesland.de\/index.php?rest_route=\/wp\/v2\/posts"}],"about":[{"href":"https:\/\/astronomie-club-ostfriesland.de\/index.php?rest_route=\/wp\/v2\/types\/post"}],"author":[{"embeddable":true,"href":"https:\/\/astronomie-club-ostfriesland.de\/index.php?rest_route=\/wp\/v2\/users\/8"}],"replies":[{"embeddable":true,"href":"https:\/\/astronomie-club-ostfriesland.de\/index.php?rest_route=%2Fwp%2Fv2%2Fcomments&post=2415"}],"version-history":[{"count":1,"href":"https:\/\/astronomie-club-ostfriesland.de\/index.php?rest_route=\/wp\/v2\/posts\/2415\/revisions"}],"predecessor-version":[{"id":2416,"href":"https:\/\/astronomie-club-ostfriesland.de\/index.php?rest_route=\/wp\/v2\/posts\/2415\/revisions\/2416"}],"wp:attachment":[{"href":"https:\/\/astronomie-club-ostfriesland.de\/index.php?rest_route=%2Fwp%2Fv2%2Fmedia&parent=2415"}],"wp:term":[{"taxonomy":"category","embeddable":true,"href":"https:\/\/astronomie-club-ostfriesland.de\/index.php?rest_route=%2Fwp%2Fv2%2Fcategories&post=2415"},{"taxonomy":"post_tag","embeddable":true,"href":"https:\/\/astronomie-club-ostfriesland.de\/index.php?rest_route=%2Fwp%2Fv2%2Ftags&post=2415"}],"curies":[{"name":"wp","href":"https:\/\/api.w.org\/{rel}","templated":true}]}}